{"id":13644,"date":"2023-07-03T10:17:10","date_gmt":"2023-07-03T14:17:10","guid":{"rendered":"http:\/\/democontent.codex-themes.com\/thegem-charity\/?p=13644"},"modified":"2025-09-22T18:57:33","modified_gmt":"2025-09-22T22:57:33","slug":"academie-nour-a-dream-becoming-reality","status":"publish","type":"post","link":"https:\/\/academienour.org\/fr\/academie-nour-a-dream-becoming-reality\/","title":{"rendered":"Acad\u00e9mie Nour : Un r\u00eave qui devient r\u00e9alit\u00e9"},"content":{"rendered":"<div class=\"wpb-content-wrapper\"><div class=\"vc_row-full-width-before\"><\/div><div id=\"vc_row-69f249922797c\" data-vc-full-width=\"true\" data-vc-full-width-init=\"false\" class=\"vc_row wpb_row vc_row-fluid vc_custom_1688455630583 thegem-custom-69f24992279568300\"><script type=\"text\/javascript\">if (typeof(gem_fix_fullwidth_position) == \"function\") { gem_fix_fullwidth_position(document.getElementById(\"vc_row-69f249922797c\")); }<\/script>\n<style>\n#vc_row-69f249922797c .separator{\n    width: 133px;\n    border-width: 2px;\n    margin: 0 auto;\n}\n<\/style>\n<div class=\"wpb_column vc_column_container vc_col-sm-12 thegem-custom-69f2499227f0e1643 disable-custom-paggings-mobile\" ><div class=\"vc_column-inner thegem-custom-inner-69f2499227f10 vc_custom_1590579742086\"><div class=\"wpb_wrapper thegem-custom-69f2499227f0e1643\"><div class=\"clearboth\"><\/div><style>#thegem-divider-69f249922820d {margin-top: 35px !important;}<\/style><div id=\"thegem-divider-69f249922820d\" class=\"gem-divider\" style=\"\" ><\/div>\r\n\t\r\n\t\t<div class=\"wpb_text_column wpb_content_element  vc_custom_1758581811040 thegem-vc-text thegem-custom-69f24992285738159\"  >\r\n\t\t\t<div class=\"wpb_wrapper\">\r\n\t\t\t\t<div class=\"title-h3\" style=\"text-align: center;\">\n<h1 class=\"font-40 line-50 font-american-b\" style=\"text-align: left;\"><span style=\"color: #18254d;\">Acad\u00e9mie Nour: un r\u00eave devenant r\u00e9alit\u00e9<\/span><\/h1>\n<\/div>\n\r\n\t\t\t<\/div>\r\n\t\t\t<style>@media screen and (max-width: 1023px) {.thegem-vc-text.thegem-custom-69f24992285738159{display: block!important;}}@media screen and (max-width: 767px) {.thegem-vc-text.thegem-custom-69f24992285738159{display: block!important;}}@media screen and (max-width: 1023px) {.thegem-vc-text.thegem-custom-69f24992285738159{position: relative !important;}}@media screen and (max-width: 767px) {.thegem-vc-text.thegem-custom-69f24992285738159{position: relative !important;}}<\/style>\r\n\t\t<\/div>\r\n\t\r\n\r\n\t\r\n\t\t<div class=\"wpb_text_column wpb_content_element  vc_custom_1688455679948 thegem-vc-text thegem-custom-69f249922874b2836\"  >\r\n\t\t\t<div class=\"wpb_wrapper\">\r\n\t\t\t\t<div style=\"text-align: left;\"><span style=\"color: #18254d;\">Si vous demandez \u00e0 n'importe qui dans le monde ce qui rend le Canada exceptionnel, il y aura un consensus g\u00e9n\u00e9ral que c'est sa beaut\u00e9 dans sa diversit\u00e9. Le Canada est connu pour \u00eatre un \"melting-pot\" de personnes de tous horizons et de tous les coins de notre plan\u00e8te. Les gens immigrent au Canada depuis des centaines d'ann\u00e9es et continuent de choisir d'en faire leur foyer. Les immigrants expliquent que la raison pour laquelle ils sont tellement attir\u00e9s par ce pays est qu'ils trouvent qu'ils sont capables de conserver leurs identit\u00e9s ethniques et leurs racines culturelles - que ce soit leur langue, leur religion ou leurs traditions - tout en embrassant \u00e9galement les belles traditions, valeurs et langue canadiennes.<\/span><\/div>\n\r\n\t\t\t<\/div>\r\n\t\t\t<style>@media screen and (max-width: 1023px) {.thegem-vc-text.thegem-custom-69f249922874b2836{display: block!important;}}@media screen and (max-width: 767px) {.thegem-vc-text.thegem-custom-69f249922874b2836{display: block!important;}}@media screen and (max-width: 1023px) {.thegem-vc-text.thegem-custom-69f249922874b2836{position: relative !important;}}@media screen and (max-width: 767px) {.thegem-vc-text.thegem-custom-69f249922874b2836{position: relative !important;}}<\/style>\r\n\t\t<\/div>\r\n\t\r\n<div class=\"clearboth\"><\/div><style>#thegem-divider-69f249922885b {margin-top: 10px !important;}<\/style><div id=\"thegem-divider-69f249922885b\" class=\"gem-divider\" style=\"\" ><\/div>\r\n\t\r\n\t<div  class=\"wpb_single_image wpb_content_element vc_align_center\" >\r\n\t\t\r\n\t\t<figure class=\"wpb_wrapper vc_figure\">\r\n\t\t\t<div class=\"vc_single_image-wrapper   vc_box_border_grey\"><img width=\"1320\" height=\"941\" src=\"https:\/\/academienour.org\/wp-content\/uploads\/2023\/07\/Academie-Nour-academienour-montreal-4.jpg\" class=\"vc_single_image-img attachment-full\" alt=\"academienour.org\" title=\"Academie Nour - academienour montreal\" srcset=\"https:\/\/academienour.org\/wp-content\/uploads\/2023\/07\/Academie-Nour-academienour-montreal-4.jpg 1320w, https:\/\/academienour.org\/wp-content\/uploads\/2023\/07\/Academie-Nour-academienour-montreal-4-300x214.jpg 300w, https:\/\/academienour.org\/wp-content\/uploads\/2023\/07\/Academie-Nour-academienour-montreal-4-1024x730.jpg 1024w, https:\/\/academienour.org\/wp-content\/uploads\/2023\/07\/Academie-Nour-academienour-montreal-4-768x547.jpg 768w\" sizes=\"(max-width: 1320px) 100vw, 1320px\" \/><\/div>\r\n\t\t<\/figure>\r\n\t<\/div>\r\n\t\r\n<div class=\"clearboth\"><\/div><style>#thegem-divider-69f2499229610 {margin-top: 10px !important;}<\/style><div id=\"thegem-divider-69f2499229610\" class=\"gem-divider\" style=\"\" ><\/div>\r\n\t\r\n\t\t<div class=\"wpb_text_column wpb_content_element  vc_custom_1688455811738 thegem-vc-text thegem-custom-69f24992296f98244\"  >\r\n\t\t\t<div class=\"wpb_wrapper\">\r\n\t\t\t\t<div style=\"text-align: left;\">\n<p dir=\"ltr\">Le Canada embrasse le multiculturalisme et la diversit\u00e9. Il tol\u00e8re la construction d'\u00e9glises, de mosqu\u00e9es, de synagogues et de temples. Il accueille et encourage les \u00e9coles de troisi\u00e8me langue o\u00f9 les enfants peuvent apprendre les langues maternelles de leurs parents et conserver leur identit\u00e9 tout en vivant en tant que Canadiens contribuant \u00e0 cette soci\u00e9t\u00e9. Naturellement, les parents souhaitent pr\u00e9server non seulement leurs langues, mais aussi leurs identit\u00e9s et croyances religieuses.<\/p>\n<p dir=\"ltr\">L'Acad\u00e9mie Nour \u00e9tait un r\u00eave qui a germ\u00e9 de la volont\u00e9 de fournir aux \u00e9l\u00e8ves de la communaut\u00e9 musulmane du Qu\u00e9bec une institution qui offre une \u00e9ducation de qualit\u00e9 en fran\u00e7ais et qui enrichit le d\u00e9veloppement personnel de nos enfants tout en respectant les valeurs islamiques. Son objectif est de fa\u00e7onner nos enfants pour devenir des citoyens universels et fiers membres de la soci\u00e9t\u00e9 qu\u00e9b\u00e9coise et canadienne.<\/p>\n<\/div>\n\r\n\t\t\t<\/div>\r\n\t\t\t<style>@media screen and (max-width: 1023px) {.thegem-vc-text.thegem-custom-69f24992296f98244{display: block!important;}}@media screen and (max-width: 767px) {.thegem-vc-text.thegem-custom-69f24992296f98244{display: block!important;}}@media screen and (max-width: 1023px) {.thegem-vc-text.thegem-custom-69f24992296f98244{position: relative !important;}}@media screen and (max-width: 767px) {.thegem-vc-text.thegem-custom-69f24992296f98244{position: relative !important;}}<\/style>\r\n\t\t<\/div>\r\n\t\r\n<div class=\"clearboth\"><\/div><style>#thegem-divider-69f2499229807 {margin-top: 10px !important;}<\/style><div id=\"thegem-divider-69f2499229807\" class=\"gem-divider\" style=\"\" ><\/div>\r\n\t\r\n\t\t<div class=\"wpb_text_column wpb_content_element  vc_custom_1688455786750 thegem-vc-text thegem-custom-69f249922990f4986\"  >\r\n\t\t\t<div class=\"wpb_wrapper\">\r\n\t\t\t\t<div style=\"text-align: left;\">\n<p dir=\"ltr\"><strong>Les besoins de la communaut\u00e9<\/strong><\/p>\n<p dir=\"ltr\">L'Acad\u00e9mie Nour a enqu\u00eat\u00e9 aupr\u00e8s des parents de la communaut\u00e9 musulmane pour comprendre ce qu'ils recherchent dans une \u00e9cole priv\u00e9e au Qu\u00e9bec. La conclusion \u00e9tait que les parents recherchent une \u00e9cole qui met l'accent sur la qualit\u00e9 de l'\u00e9ducation en fran\u00e7ais et encourage \u00e9galement l'enseignement de la langue arabe maternelle. Les parents ont exprim\u00e9 le d\u00e9sir d'avoir un environnement qui non seulement accueille, mais embrasse et respecte les pratiques et les valeurs de la religion islamique afin que leurs enfants puissent se sentir \u00e0 l'aise pour pratiquer l'islam, que ce soit en effectuant ouvertement des pri\u00e8res quotidiennes, en portant le hijab, ou en observant des traditions telles que le Ramadan.<b><\/b><\/p>\n<p dir=\"ltr\"><strong>Notre r\u00eave<\/strong><\/p>\n<p dir=\"ltr\">Le r\u00eave d'avoir une \u00e9cole offrant une \u00e9ducation de qualit\u00e9 en langue fran\u00e7aise dans un environnement qui embrasse les valeurs islamiques est devenu r\u00e9alit\u00e9 lorsque des membres des communaut\u00e9s musulmanes, dont beaucoup de parents eux-m\u00eames, se sont r\u00e9unis pour entreprendre ce projet. Depuis lors, un emplacement \u00e0 Montr\u00e9al-Nord a \u00e9t\u00e9 s\u00e9curis\u00e9 pour le site de l'\u00e9cole et Acad\u00e9mie Nour a m\u00eame obtenu un num\u00e9ro d'enregistrement de charit\u00e9 de l'Agence du revenu du Canada. Avec l'ouverture imminente de l'\u00e9cole en septembre 2024, la vision est devenue plus claire et l'anticipation grandit. Avec le soutien g\u00e9n\u00e9reux et in\u00e9branlable de nos membres de la communaut\u00e9, nous avons h\u00e2te d'accueillir les jeunes esprits d'aujourd'hui et de cr\u00e9er les leaders canadiens de demain.<b><br \/>\n<\/b><\/p>\n<p dir=\"ltr\"><strong>Nous avons besoin de votre soutien<\/strong><\/p>\n<p dir=\"ltr\">Un proverbe chinois dit : \"Le meilleur moment pour planter un arbre \u00e9tait il y a 20 ans. Le deuxi\u00e8me meilleur moment est maintenant.\" Dans l'esprit d'encourager ce projet tant attendu qui servira les g\u00e9n\u00e9rations futures de nos enfants, Acad\u00e9mie Nour s'adresse \u00e0 vous, parents, \u00e9ducateurs, \u00e9tudiants et professionnels de notre communaut\u00e9, pour votre g\u00e9n\u00e9rosit\u00e9 et votre soutien.<\/p>\n<\/div>\n\r\n\t\t\t<\/div>\r\n\t\t\t<style>@media screen and (max-width: 1023px) {.thegem-vc-text.thegem-custom-69f249922990f4986{display: block!important;}}@media screen and (max-width: 767px) {.thegem-vc-text.thegem-custom-69f249922990f4986{display: block!important;}}@media screen and (max-width: 1023px) {.thegem-vc-text.thegem-custom-69f249922990f4986{position: relative !important;}}@media screen and (max-width: 767px) {.thegem-vc-text.thegem-custom-69f249922990f4986{position: relative !important;}}<\/style>\r\n\t\t<\/div>\r\n\t\r\n<div class=\"clearboth\"><\/div><style>#thegem-divider-69f2499229a68 {margin-top: 35px !important;}<\/style><div id=\"thegem-divider-69f2499229a68\" class=\"gem-divider\" style=\"\" ><\/div><\/div><\/div><\/div><\/div><div class=\"vc_row-full-width vc_clearfix\"><\/div>\n<\/div>","protected":false},"excerpt":{"rendered":"","protected":false},"author":1,"featured_media":25068,"comment_status":"closed","ping_status":"closed","sticky":false,"template":"","format":"standard","meta":{"footnotes":""},"categories":[125],"tags":[128,129],"class_list":{"0":"post-13644","1":"post","2":"type-post","3":"status-publish","4":"format-standard","5":"has-post-thumbnail","7":"category-news","8":"tag-academienour","9":"tag-montreal"},"menu_order":0,"_links":{"self":[{"href":"https:\/\/academienour.org\/fr\/wp-json\/wp\/v2\/posts\/13644","targetHints":{"allow":["GET"]}}],"collection":[{"href":"https:\/\/academienour.org\/fr\/wp-json\/wp\/v2\/posts"}],"about":[{"href":"https:\/\/academienour.org\/fr\/wp-json\/wp\/v2\/types\/post"}],"author":[{"embeddable":true,"href":"https:\/\/academienour.org\/fr\/wp-json\/wp\/v2\/users\/1"}],"replies":[{"embeddable":true,"href":"https:\/\/academienour.org\/fr\/wp-json\/wp\/v2\/comments?post=13644"}],"version-history":[{"count":3,"href":"https:\/\/academienour.org\/fr\/wp-json\/wp\/v2\/posts\/13644\/revisions"}],"predecessor-version":[{"id":26127,"href":"https:\/\/academienour.org\/fr\/wp-json\/wp\/v2\/posts\/13644\/revisions\/26127"}],"wp:featuredmedia":[{"embeddable":true,"href":"https:\/\/academienour.org\/fr\/wp-json\/wp\/v2\/media\/25068"}],"wp:attachment":[{"href":"https:\/\/academienour.org\/fr\/wp-json\/wp\/v2\/media?parent=13644"}],"wp:term":[{"taxonomy":"category","embeddable":true,"href":"https:\/\/academienour.org\/fr\/wp-json\/wp\/v2\/categories?post=13644"},{"taxonomy":"post_tag","embeddable":true,"href":"https:\/\/academienour.org\/fr\/wp-json\/wp\/v2\/tags?post=13644"}],"curies":[{"name":"wp","href":"https:\/\/api.w.org\/{rel}","templated":true}]}}