{
    "id": 25994,
    "date": "2025-05-07T21:30:13",
    "date_gmt": "2025-05-08T01:30:13",
    "guid": {
        "rendered": "https:\/\/academienour.org\/?p=25994"
    },
    "modified": "2025-05-31T08:28:00",
    "modified_gmt": "2025-05-31T12:28:00",
    "slug": "lart-denseigner-selon-lacademie-nour-entre-rigueur-modernite-et-humanite",
    "status": "publish",
    "type": "post",
    "link": "https:\/\/academienour.org\/en\/lart-denseigner-selon-lacademie-nour-entre-rigueur-modernite-et-humanite\/",
    "title": {
        "rendered": "L\u2019art d\u2019enseigner selon l\u2019Acad\u00e9mie Nour : Entre rigueur, modernit\u00e9 et humanit\u00e9"
    },
    "content": {
        "rendered": "<p><b>Si en 1950, on avait congel\u00e9 un homme et qu\u2019on le r\u00e9veillait en 2025, il serait compl\u00e8tement d\u00e9stabilis\u00e9 par l\u2019\u00e9volution de la technologie, du mode de vie et de la soci\u00e9t\u00e9.<\/b><\/p>\n<p><span style=\"font-weight: 400;\">Les voitures se conduisent presque toutes seules, les t\u00e9l\u00e9phones sont devenus de puissants ordinateurs portables, et l\u2019intelligence artificielle peut r\u00e9diger des textes, diagnostiquer des maladies, ou composer de la musique.<\/span><span style=\"font-weight: 400;\"><br \/>\n<\/span><span style=\"font-weight: 400;\">Les relations humaines ont migr\u00e9 vers le virtuel, les enfants apprennent \u00e0 coder d\u00e8s l\u2019\u00e9cole primaire, et l\u2019information circule \u00e0 la vitesse de la lumi\u00e8re.<\/span><\/p>\n<p><span style=\"font-weight: 400;\">Mais s\u2019il entrait dans une salle de classe traditionnelle, il reconna\u00eetrait imm\u00e9diatement le d\u00e9cor : un enseignant face \u00e0 des rang\u00e9es d\u2019\u00e9l\u00e8ves, un tableau, des manuels, et parfois, un sentiment de d\u00e9connexion.<\/span><\/p>\n<p><b>Et pourtant, l\u2019\u00e9cole devrait \u00eatre le premier lieu de transformation.<\/b><\/p>\n<p><b>Comment expliquer que l\u2019\u00e9cole ait si peu chang\u00e9 alors que tout autour d\u2019elle s\u2019est m\u00e9tamorphos\u00e9<\/b><span style=\"font-weight: 400;\"> ?<\/span><\/p>\n<p><span style=\"font-weight: 400;\">C\u2019est dans cette faille entre l\u2019\u00e9volution du monde et l\u2019inertie de certaines pratiques \u00e9ducatives que s\u2019inscrit l\u2019engagement de l\u2019Acad\u00e9mie Nour.<\/span><\/p>\n<p><span style=\"font-weight: 400;\">Sans \u00eatre une \u00e9cole alternative, l\u2019Acad\u00e9mie Nour propose une p\u00e9dagogie renouvel\u00e9e, ancr\u00e9e dans les programmes officiels qu\u00e9b\u00e9cois, mais pens\u00e9e pour r\u00e9pondre aux besoins r\u00e9els des \u00e9l\u00e8ves.\u00a0<\/span><\/p>\n<p><b><img class=\"size-medium wp-image-25997 alignleft lazyload\" src=\"data:image\/gif;base64,R0lGODlhAQABAIAAAAAAAP\/\/\/yH5BAEAAAAALAAAAAABAAEAAAIBRAA7\" data-src=\"https:\/\/academienour.org\/wp-content\/uploads\/2025\/05\/dbd53eaaa9c4-225x300.jpg\" alt=\"\" width=\"225\" height=\"300\" \/><noscript><img class=\"size-medium wp-image-25997 alignleft lazyload\" src=\"https:\/\/academienour.org\/wp-content\/uploads\/2025\/05\/dbd53eaaa9c4-225x300.jpg\" alt=\"\" width=\"225\" height=\"300\" srcset=\"https:\/\/academienour.org\/wp-content\/uploads\/2025\/05\/dbd53eaaa9c4-225x300.jpg 225w, https:\/\/academienour.org\/wp-content\/uploads\/2025\/05\/dbd53eaaa9c4-768x1024.jpg 768w, https:\/\/academienour.org\/wp-content\/uploads\/2025\/05\/dbd53eaaa9c4-1153x1536.jpg 1153w, https:\/\/academienour.org\/wp-content\/uploads\/2025\/05\/dbd53eaaa9c4-1537x2048.jpg 1537w, https:\/\/academienour.org\/wp-content\/uploads\/2025\/05\/dbd53eaaa9c4-9x12.jpg 9w, https:\/\/academienour.org\/wp-content\/uploads\/2025\/05\/dbd53eaaa9c4-scaled.jpg 1921w\" sizes=\"(max-width: 225px) 100vw, 225px\" \/><\/noscript><\/b><\/p>\n<p><span style=\"font-weight: 400;\">L\u2019Acad\u00e9mie Nour suit les programmes qu\u00e9b\u00e9cois, mais adapte la m\u00e9thode : un cours de g\u00e9ographie peut se transformer en enqu\u00eate participative sur les migrations, ou une le\u00e7on de math\u00e9matiques devenir un jeu de strat\u00e9gie collectives d\u2019aujourd\u2019hui.<\/span><\/p>\n<p><span style=\"font-weight: 400;\">Car enseigner aujourd\u2019hui ne peut plus se r\u00e9duire \u00e0 \u00ab transmettre \u00bb. Enseigner, c\u2019est accompagner, \u00e9veiller, \u00e9couter, guider, structurer, et inspirer.<\/span><\/p>\n<p><b>Une p\u00e9dagogie qui s\u2019adapte, et non qui fige<\/b><\/p>\n<p><span style=\"font-weight: 400;\">\u00c0 l\u2019Acad\u00e9mie Nour, nous avons fait le choix d\u2019une <\/span><b>p\u00e9dagogie vivante<\/b><span style=\"font-weight: 400;\">, o\u00f9 chaque \u00e9l\u00e8ve avance selon son rythme, son niveau et ses aspirations. En effet, un des d\u00e9fis reli\u00e9 \u00e0 l\u2019enseignement est l\u2019unicit\u00e9 de chaque \u00e9l\u00e8ve dans son d\u00e9veloppement acad\u00e9mique. Donc, pour rem\u00e9dier \u00e0 cette probl\u00e9matique qui peut causer parfois l\u2019ennui et parfois l\u2019anxi\u00e9t\u00e9 de performance, nous mettons en place des ateliers qui permettent \u00e0 ceux qui le peuvent d\u2019approfondir leurs connaissances de mani\u00e8re autonome pendant que d\u2019autres sont accompagn\u00e9s par l\u2019enseignante qu\u2019ils parviennent \u00e0 ma\u00eetriser la mati\u00e8re qui doit \u00eatre acquise selon la progression des apprentissages.\u00a0<\/span><\/p>\n<p><span style=\"font-weight: 400;\"><br \/>\n<\/span> <span style=\"font-weight: 400;\">Finie l\u2019\u00e9cole uniforme, place \u00e0 l\u2019\u00e9cole personnalis\u00e9e. Les enseignants deviennent <\/span><b>des mentors<\/b><span style=\"font-weight: 400;\">, qui soutiennent, encouragent et tracent avec l\u2019\u00e9l\u00e8ve un chemin clair, progressif et atteignable. L\u2019objectif : que chacun apprenne avec sens, en confiance, et en profondeur.<\/span><\/p>\n<p><span style=\"font-weight: 400;\">Un \u00e9l\u00e8ve passionn\u00e9 par les sciences peut approfondir les notions du programme via un projet de robotique, tandis qu\u2019un autre, plus litt\u00e9raire, d\u00e9veloppe sa ma\u00eetrise du fran\u00e7ais en \u00e9crivant une nouvelle dans le journal \u00e9tudiant de l\u2019\u00e9cole.\u00a0<\/span><\/p>\n<p><b>Une \u00e9ducation ancr\u00e9e dans le monde r\u00e9el<\/b><\/p>\n<p><span style=\"font-weight: 400;\">Contrairement \u00e0 une approche fig\u00e9e, l\u2019Acad\u00e9mie Nour int\u00e8gre les outils de son temps. Les enseignantes tendent \u00e0 animer des cours interactifs en utilisant des quiz et des vid\u00e9os explicatives.\u00a0 C\u2019est ainsi que l\u2019apprentissage devient hybride entre autonomie et accompagnement, les rythmes sont adaptables et les progr\u00e8s visibles.\u00a0<\/span><\/p>\n<p><span style=\"font-weight: 400;\">Dans le cadre du cours d\u2019histoire, les \u00e9l\u00e8ves du 2e cycle peuvent d\u00e9couvrir la vie en Nouvelle-France et l\u2019\u00e9volution du territoire \u00e0 travers une exp\u00e9rience immersive. Cette int\u00e9gration concr\u00e8te de la mati\u00e8re se fait par une visite du ch\u00e2teau Ramezay et d\u2019une promenade dans le vieux Montr\u00e9al afin de donner du sens aux apprentissages.\u00a0<\/span><\/p>\n<p><span style=\"font-weight: 400;\">En sciences, les \u00e9l\u00e8ves de deuxi\u00e8me ann\u00e9e d\u00e9duisent les stades de m\u00e9tamorphose du papillon en observant r\u00e9ellement cette mutation naturelle. Ils notent ce qu\u2019ils voient concr\u00e8tement pour en arriver \u00e0 une conclusion.\u00a0<\/span><\/p>\n<p><span style=\"font-weight: 400;\">Toujours dans la m\u00eame comp\u00e9tence, les \u00e9l\u00e8ves de premi\u00e8re ann\u00e9e prennent conscience de l\u2019importance de prot\u00e9ger la faune et la flore en participant \u00e0 une promenade \u00e9ducative dans le bois accompagn\u00e9s afin d\u2019observer les diff\u00e9rents types d\u2019arbres, les fonctions de chacune de leurs parties et leurs utilit\u00e9s pour les animaux qui vivent dans cet environnement naturel.\u00a0<\/span><\/p>\n<blockquote><p>L\u2019\u00e9l\u00e8ve ne subit plus le savoir, il le construit. Il ne m\u00e9morise pas, il comprend. Il ne r\u00e9cite pas, il applique.<\/p><\/blockquote>\n<p><b>Une \u00e9cole qui forme des esprits, mais aussi des c\u0153urs<\/b><\/p>\n<p><span style=\"font-weight: 400;\">Mais la modernit\u00e9 ne suffit pas si elle oublie l\u2019humain. <\/span><span style=\"font-weight: 400;\">\u00c0 l\u2019Acad\u00e9mie Nour, la bienveillance n\u2019est pas un mot \u00e0 la mode : c\u2019est une valeur structurante. Nos enseignants cultivent un climat de respect, d\u2019\u00e9coute et de s\u00e9curit\u00e9 int\u00e9rieure. Parce qu\u2019on apprend mieux quand on se sent vu, compris, valoris\u00e9.\u00a0<\/span><\/p>\n<p><span style=\"font-weight: 400;\">Pour ce faire, un temps hebdomadaire est d\u00e9di\u00e9 \u00e0 l\u2019\u00e9coute active et \u00e0 l\u2019expression des \u00e9motions. Les conflits sont r\u00e9solus via des m\u00e9diations entre pairs, et chaque r\u00e9ussite, aussi petite soit-elle, est valoris\u00e9e en classe.\u00a0<\/span><\/p>\n<p><b>\u00a0L&#8217;art d&#8217;enseigner aujourd\u2019hui, selon l\u2019Acad\u00e9mie Nour<\/b><\/p>\n<p><span style=\"font-weight: 400;\">Notre m\u00e9thode n\u2019est pas simplement moderne, elle est r\u00e9aliste, humaine et inspirante. Elle forme des esprits autonomes, curieux et rigoureux. Elle \u00e9veille des c\u0153urs engag\u00e9s, confiants et responsables. Car nous croyons que l\u2019\u00e9cole de demain n\u2019est pas celle qui instruit plus, mais celle qui \u00e9l\u00e8ve mieux.<\/span><\/p>\n<p><span style=\"font-weight: 400;\">Pour mettre en pratique cet art, les \u00e9l\u00e8ves auront l&#8217;opportunit\u00e9 de participer \u00e0 des projets concrets comme organiser une collecte solidaire, rendre visite \u00e0 des personnes \u00e2g\u00e9es dans leurs r\u00e9sidences afin de mettre un peu de joie dans leurs c\u0153urs durant le temps des f\u00eates ou monter des pi\u00e8ces de th\u00e9\u00e2tre. \u00c0 travers ces initiatives, les \u00e9l\u00e8ves d\u00e9veloppent leur sens des responsabilit\u00e9s, leur cr\u00e9ativit\u00e9 et leur esprit d\u2019\u00e9quipe.\u00a0<\/span><\/p>",
        "protected": false
    },
    "excerpt": {
        "rendered": "<p>Si en 1950, on avait congel\u00e9 un homme et qu\u2019on le r\u00e9veillait en 2025, il serait compl\u00e8tement d\u00e9stabilis\u00e9 par l\u2019\u00e9volution&#8230;<\/p>",
        "protected": false
    },
    "author": 4,
    "featured_media": 25995,
    "comment_status": "closed",
    "ping_status": "open",
    "sticky": false,
    "template": "",
    "format": "standard",
    "meta": {
        "footnotes": ""
    },
    "categories": [
        125
    ],
    "tags": [],
    "class_list": {
        "0": "post-25994",
        "1": "post",
        "2": "type-post",
        "3": "status-publish",
        "4": "format-standard",
        "5": "has-post-thumbnail",
        "7": "category-news"
    },
    "menu_order": 0,
    "_links": {
        "self": [
            {
                "href": "https:\/\/academienour.org\/en\/wp-json\/wp\/v2\/posts\/25994",
                "targetHints": {
                    "allow": [
                        "GET"
                    ]
                }
            }
        ],
        "collection": [
            {
                "href": "https:\/\/academienour.org\/en\/wp-json\/wp\/v2\/posts"
            }
        ],
        "about": [
            {
                "href": "https:\/\/academienour.org\/en\/wp-json\/wp\/v2\/types\/post"
            }
        ],
        "author": [
            {
                "embeddable": true,
                "href": "https:\/\/academienour.org\/en\/wp-json\/wp\/v2\/users\/4"
            }
        ],
        "replies": [
            {
                "embeddable": true,
                "href": "https:\/\/academienour.org\/en\/wp-json\/wp\/v2\/comments?post=25994"
            }
        ],
        "version-history": [
            {
                "count": 3,
                "href": "https:\/\/academienour.org\/en\/wp-json\/wp\/v2\/posts\/25994\/revisions"
            }
        ],
        "predecessor-version": [
            {
                "id": 26034,
                "href": "https:\/\/academienour.org\/en\/wp-json\/wp\/v2\/posts\/25994\/revisions\/26034"
            }
        ],
        "wp:featuredmedia": [
            {
                "embeddable": true,
                "href": "https:\/\/academienour.org\/en\/wp-json\/wp\/v2\/media\/25995"
            }
        ],
        "wp:attachment": [
            {
                "href": "https:\/\/academienour.org\/en\/wp-json\/wp\/v2\/media?parent=25994"
            }
        ],
        "wp:term": [
            {
                "taxonomy": "category",
                "embeddable": true,
                "href": "https:\/\/academienour.org\/en\/wp-json\/wp\/v2\/categories?post=25994"
            },
            {
                "taxonomy": "post_tag",
                "embeddable": true,
                "href": "https:\/\/academienour.org\/en\/wp-json\/wp\/v2\/tags?post=25994"
            }
        ],
        "curies": [
            {
                "name": "wp",
                "href": "https:\/\/api.w.org\/{rel}",
                "templated": true
            }
        ]
    }
}