{
    "id": 25988,
    "date": "2025-04-25T19:20:58",
    "date_gmt": "2025-04-25T23:20:58",
    "guid": {
        "rendered": "https:\/\/academienour.org\/?p=25988"
    },
    "modified": "2025-05-07T21:25:06",
    "modified_gmt": "2025-05-08T01:25:06",
    "slug": "pourquoi-soutenir-lacademie-nour",
    "status": "publish",
    "type": "post",
    "link": "https:\/\/academienour.org\/en\/pourquoi-soutenir-lacademie-nour\/",
    "title": {
        "rendered": "Pourquoi soutenir l\u2019Acad\u00e9mie Nour?"
    },
    "content": {
        "rendered": "<p><span style=\"font-weight: 400;\">La communaut\u00e9 musulmane de Montr\u00e9al-Nord et de Laval est pr\u00e9sente et ne cesse de s&#8217;accro\u00eetre. Et ce, depuis le tournant du 20 et 21 si\u00e8cle. Elle a su s\u2019int\u00e9grer \u00e9conomiquement tout en conservant sa culture, \u00e9lever une nouvelle g\u00e9n\u00e9ration bien form\u00e9e, bilingue et ambitieuse. Dans toutes les sph\u00e8res de la culture qu\u00e9b\u00e9coise, on y retrouve certains de ces membres. Cependant, un \u00e9l\u00e9ment crucial manquait \u00e0 l\u2019appel jusqu\u2019\u00e0 ao\u00fbt 2024\u00a0: une \u00e9cole. En effet, L\u2019acad\u00e9mie Nour a ouvert ses portes il y a quelques mois et y accueille aujourd\u2019hui pr\u00e8s d\u2019une centaine d\u2019\u00e9l\u00e8ves de cette communaut\u00e9. Cet \u00e9tablissement est \u00e0 but non lucratif et il n\u2019est pas subventionn\u00e9 par le gouvernement. Donc, pour permettre sa perp\u00e9tuit\u00e9, l\u2019\u00e9cole a besoin de votre soutien.\u00a0<\/span><\/p>\n<p><span style=\"font-weight: 400;\">L\u2019Acad\u00e9mie Nour est bien plus qu\u2019une simple \u00e9cole. C\u2019est le plus important des piliers de notre communaut\u00e9. C\u2019est un espace d\u2019apprentissage et de partage, o\u00f9 chaque enfant peut s\u2019\u00e9panouir tout en restant ancr\u00e9 dans ses valeurs et sa culture. M\u00eame si votre enfant ne fr\u00e9quente pas cette \u00e9cole, votre soutien est essentiel pour garantir la p\u00e9rennit\u00e9 de notre \u00e9cole et la qualit\u00e9 de l\u2019\u00e9ducation qu\u2019elle offre.\u00a0<\/span><\/p>\n<h6><strong>Investir dans l\u2019\u00e9ducation pour l\u2019avenir de notre communaut\u00e9<\/strong><\/h6>\n<p><span style=\"font-weight: 400;\">L\u2019\u00e9ducation est la cl\u00e9 du d\u00e9veloppement personnel et collectif. En soutenant l\u2019Acad\u00e9mie Nour, vous contribuez directement \u00e0 offrir aux \u00e9l\u00e8ves un cadre \u00e9ducatif stimulant et bienveillant. Cet investissement dans l\u2019avenir de nos jeunes aura un impact durable sur notre communaut\u00e9, en formant des citoyens responsables, comp\u00e9tents et engag\u00e9s.<\/span><\/p>\n<h6><b>Un espace de partage et de solidarit\u00e9<\/b><\/h6>\n<p><span style=\"font-weight: 400;\">L\u2019Acad\u00e9mie Nour n\u2019est pas seulement d\u00e9di\u00e9e aux \u00e9l\u00e8ves qui la fr\u00e9quentent ; elle est un v\u00e9ritable carrefour communautaire. Les \u00e9v\u00e9nements, les activit\u00e9s culturelles et les initiatives de solidarit\u00e9 qu\u2019elle organise profitent \u00e0 toute la communaut\u00e9. Votre soutien permet de continuer \u00e0 offrir ces moments de rassemblement et d\u2019unit\u00e9 qui renforcent nos liens sociaux.<\/span><\/p>\n<h6><b>Pr\u00e9server notre patrimoine culturel et \u00e9ducatif<\/b><\/h6>\n<p><span style=\"font-weight: 400;\">L\u2019Acad\u00e9mie Nour est un lieu o\u00f9 l\u2019apprentissage acad\u00e9mique rencontre la transmission des valeurs culturelles et spirituelles. En soutenant l\u2019\u00e9cole, vous aidez \u00e0 pr\u00e9server cet \u00e9quilibre pr\u00e9cieux qui contribue \u00e0 l\u2019identit\u00e9 de notre communaut\u00e9.<\/span><\/p>\n<p><span style=\"font-weight: 400;\">Votre contribution nous permettra de pr\u00e9server l\u2019identit\u00e9 religieuse et culturelle des futures g\u00e9n\u00e9rations puisque celles-ci auront la possibilit\u00e9 de grandir avec fiert\u00e9 dans leur foi. Cette \u00e9cole a un impact sur la communaut\u00e9 musulmane et dans la culture qu\u00e9b\u00e9coise \u00e9galement. En effet, l\u2019\u00e9cole devient un pivot communautaire, un lieu o\u00f9 se croisent familles, \u00e9l\u00e8ves et \u00e9ducateurs. Elle formera des jeunes qui seront s\u00fbrs d\u2019eux-m\u00eames, \u00e9duqu\u00e9s dans la foi et ouverts sur le monde et surtout capables de naviguer entre deux cultures sans conflit int\u00e9rieur. <\/span><\/p>\n<p><span style=\"font-weight: 400;\">En outre, cette \u00e9cole servira de lien entre la culture musulmane et qu\u00e9b\u00e9coise, favorisant des \u00e9changes culturels, des partenariats avec d&#8217;autres \u00e9coles et des projets \u00e9ducatifs communs. Elle contribuera \u00e9galement \u00e0 la diversit\u00e9 \u00e9ducative au Qu\u00e9bec. L&#8217;Acad\u00e9mie Nour illustrera la coexistence entre la la\u00efcit\u00e9 et la pluralit\u00e9 en encourageant le dialogue pour renforcer la d\u00e9mocratie et l&#8217;inclusion, en explorant les fa\u00e7ons d&#8217;harmoniser la foi et le vivre-ensemble.<\/span><\/p>",
        "protected": false
    },
    "excerpt": {
        "rendered": "<p>La communaut\u00e9 musulmane de Montr\u00e9al-Nord et de Laval est pr\u00e9sente et ne cesse de s&#8217;accro\u00eetre. Et ce, depuis le tournant&#8230;<\/p>",
        "protected": false
    },
    "author": 4,
    "featured_media": 25991,
    "comment_status": "closed",
    "ping_status": "open",
    "sticky": false,
    "template": "",
    "format": "standard",
    "meta": {
        "footnotes": ""
    },
    "categories": [
        125
    ],
    "tags": [],
    "class_list": {
        "0": "post-25988",
        "1": "post",
        "2": "type-post",
        "3": "status-publish",
        "4": "format-standard",
        "5": "has-post-thumbnail",
        "7": "category-news"
    },
    "menu_order": 0,
    "_links": {
        "self": [
            {
                "href": "https:\/\/academienour.org\/en\/wp-json\/wp\/v2\/posts\/25988",
                "targetHints": {
                    "allow": [
                        "GET"
                    ]
                }
            }
        ],
        "collection": [
            {
                "href": "https:\/\/academienour.org\/en\/wp-json\/wp\/v2\/posts"
            }
        ],
        "about": [
            {
                "href": "https:\/\/academienour.org\/en\/wp-json\/wp\/v2\/types\/post"
            }
        ],
        "author": [
            {
                "embeddable": true,
                "href": "https:\/\/academienour.org\/en\/wp-json\/wp\/v2\/users\/4"
            }
        ],
        "replies": [
            {
                "embeddable": true,
                "href": "https:\/\/academienour.org\/en\/wp-json\/wp\/v2\/comments?post=25988"
            }
        ],
        "version-history": [
            {
                "count": 3,
                "href": "https:\/\/academienour.org\/en\/wp-json\/wp\/v2\/posts\/25988\/revisions"
            }
        ],
        "predecessor-version": [
            {
                "id": 25992,
                "href": "https:\/\/academienour.org\/en\/wp-json\/wp\/v2\/posts\/25988\/revisions\/25992"
            }
        ],
        "wp:featuredmedia": [
            {
                "embeddable": true,
                "href": "https:\/\/academienour.org\/en\/wp-json\/wp\/v2\/media\/25991"
            }
        ],
        "wp:attachment": [
            {
                "href": "https:\/\/academienour.org\/en\/wp-json\/wp\/v2\/media?parent=25988"
            }
        ],
        "wp:term": [
            {
                "taxonomy": "category",
                "embeddable": true,
                "href": "https:\/\/academienour.org\/en\/wp-json\/wp\/v2\/categories?post=25988"
            },
            {
                "taxonomy": "post_tag",
                "embeddable": true,
                "href": "https:\/\/academienour.org\/en\/wp-json\/wp\/v2\/tags?post=25988"
            }
        ],
        "curies": [
            {
                "name": "wp",
                "href": "https:\/\/api.w.org\/{rel}",
                "templated": true
            }
        ]
    }
}